{"id":135,"date":"2021-02-20T11:33:51","date_gmt":"2021-02-20T11:33:51","guid":{"rendered":"https:\/\/banje.dpv.rs\/?p=135"},"modified":"2026-02-18T19:47:48","modified_gmt":"2026-02-18T19:47:48","slug":"post-covid-rehabilitacija","status":"publish","type":"post","link":"https:\/\/banje.dpv.rs\/index.php\/2021\/02\/20\/post-covid-rehabilitacija\/","title":{"rendered":"POST COVID rehabilitacija"},"content":{"rendered":"\n<p><strong>Sastanak :&nbsp;<\/strong>&nbsp;Ministarstvo zdravlja , dana 29.09.2021. godine, sa po\u010detkom u 12:00 h &nbsp; protokol sala na , SIV 3, Ulica&nbsp; Omladinskih brigada broj 1<\/p>\n\n\n\n<p><strong>Tema : POST COVID rehabilitacija<\/strong><\/p>\n\n\n\n<p>Na inicijativu predstavnika TOPS Klaster centra Beograd&nbsp;<em>dr Nate \u0106iri\u0107<\/em>, koja je u maju ove godine organizovala u Vrnja\u010dkoj Banji Savetovanje o POST COVID rehabilitaciji i&nbsp; direktorke Udru\u017eenja Rehabilitacionih centara Srbije&nbsp;<em>Svetlane Strailovi\u0107<\/em>, Ministarstvo zdravlja poziva na sastanak sve direktore rehabilitacionih centara, tj. Specijalnih bolnica i Instituta za rehabilitaciju koji su locirani u banjama i klimatskim mestima Srbije.<\/p>\n\n\n\n<p>Tako\u0111e pozivamo predsednicu Republi\u010dke stru\u010dne komisije za rehabilitaciju&nbsp;&nbsp;<em>Prof.dr sci.med&nbsp; Kseniju Bo\u0161kovi\u0107,<\/em>&nbsp;direktorku Klini\u010dkog centra Be\u017eanijska Kosa,&nbsp;&nbsp;<em>Doc.dr sci.med&nbsp; Mariju Zdravkovi\u0107<\/em>&nbsp; i predstavnicu RFZO,&nbsp; zamenicu direktora za ugovaranje&nbsp;<em>Veru Paripovi\u0107<\/em>.<\/p>\n\n\n\n<p><strong>DNEVNI RED:<\/strong><\/p>\n\n\n\n<ol class=\"wp-block-list\">\n<li>Pozdravna re\u010d dr Jelene Jankovi\u0107, pomo\u0107nice ministra u Ministarsvu zdravlja<\/li>\n\n\n\n<li>Obra\u0107anje Prof.dr sci.med Ksenije Bo\u0161kovi\u0107, predsednice Republi\u010dke stru\u010dne komisije za rehabilitaciju<\/li>\n\n\n\n<li>Obra\u0107anje Doc.dr sci.med Marije Zdravkovi\u0107, direktorke Klini\u010dkog centra Be\u017eanijska Kosa<\/li>\n\n\n\n<li>Obra\u0107anje, predstavnika Specijalne bolnice Sokobanja<\/li>\n\n\n\n<li>Kratka diskusija na temu POST COVID rehabilitacije<\/li>\n\n\n\n<li>Dono\u0161enje zaklju\u010daka<\/li>\n<\/ol>\n\n\n\n<p><\/p>\n","protected":false},"excerpt":{"rendered":"<p>Sastanak :&nbsp;&nbsp;Ministarstvo zdravlja , dana 29.09.2021. godine, sa po\u010detkom u 12:00 h &nbsp; protokol sala na , SIV 3, Ulica&nbsp; Omladinskih brigada broj 1 Tema : POST COVID rehabilitacija Na inicijativu predstavnika TOPS Klaster centra Beograd&nbsp;dr Nate \u0106iri\u0107, koja je u maju ove godine organizovala u Vrnja\u010dkoj Banji Savetovanje o POST COVID rehabilitaciji i&nbsp; direktorke [&hellip;]<\/p>\n","protected":false},"author":1,"featured_media":175,"comment_status":"closed","ping_status":"closed","sticky":false,"template":"","format":"standard","meta":{"_acf_changed":false,"footnotes":""},"categories":[1],"tags":[],"class_list":["post-135","post","type-post","status-publish","format-standard","has-post-thumbnail","hentry","category-vesti"],"acf":[],"_links":{"self":[{"href":"https:\/\/banje.dpv.rs\/index.php\/wp-json\/wp\/v2\/posts\/135","targetHints":{"allow":["GET"]}}],"collection":[{"href":"https:\/\/banje.dpv.rs\/index.php\/wp-json\/wp\/v2\/posts"}],"about":[{"href":"https:\/\/banje.dpv.rs\/index.php\/wp-json\/wp\/v2\/types\/post"}],"author":[{"embeddable":true,"href":"https:\/\/banje.dpv.rs\/index.php\/wp-json\/wp\/v2\/users\/1"}],"replies":[{"embeddable":true,"href":"https:\/\/banje.dpv.rs\/index.php\/wp-json\/wp\/v2\/comments?post=135"}],"version-history":[{"count":1,"href":"https:\/\/banje.dpv.rs\/index.php\/wp-json\/wp\/v2\/posts\/135\/revisions"}],"predecessor-version":[{"id":136,"href":"https:\/\/banje.dpv.rs\/index.php\/wp-json\/wp\/v2\/posts\/135\/revisions\/136"}],"wp:featuredmedia":[{"embeddable":true,"href":"https:\/\/banje.dpv.rs\/index.php\/wp-json\/wp\/v2\/media\/175"}],"wp:attachment":[{"href":"https:\/\/banje.dpv.rs\/index.php\/wp-json\/wp\/v2\/media?parent=135"}],"wp:term":[{"taxonomy":"category","embeddable":true,"href":"https:\/\/banje.dpv.rs\/index.php\/wp-json\/wp\/v2\/categories?post=135"},{"taxonomy":"post_tag","embeddable":true,"href":"https:\/\/banje.dpv.rs\/index.php\/wp-json\/wp\/v2\/tags?post=135"}],"curies":[{"name":"wp","href":"https:\/\/api.w.org\/{rel}","templated":true}]}}