{"id":404,"date":"2026-02-17T12:04:12","date_gmt":"2026-02-17T12:04:12","guid":{"rendered":"https:\/\/banje.dpv.rs\/?p=404"},"modified":"2026-02-18T20:13:11","modified_gmt":"2026-02-18T20:13:11","slug":"specijalna-bolnica-za-rehabilitaciju-gornja-trepca-atomska-banja-2","status":"publish","type":"post","link":"https:\/\/banje.dpv.rs\/index.php\/2026\/02\/17\/specijalna-bolnica-za-rehabilitaciju-gornja-trepca-atomska-banja-2\/","title":{"rendered":"Specijalna bolnica za rehabilitaciju \u201cBukovi\u010dka banja\u201d Aran\u0111elovac"},"content":{"rendered":"\n<p>Specijalna bolnica za rehabilitaciju \u201cBukovi\u010dka banja\u201d Aran\u0111elovac je zdravstvena ustanova koja se bavi rehabilitacijom i le\u010denjem, primenjuju\u0107i najsavremenije terapeutske metode, kombinovane sa dejstvom prirodnih lekovitih mineralnih voda, gline i klime. Zahvaljuju\u0107i svojoj dugoj i bogatoj istoriji i tome \u0161to je bila omiljena destinacija kneza Milo\u0161a i dinastije Obrenovi\u0107, Bukovi\u010dka banja je uklju\u010dena u program \u201cKraljevskih banja Srbije\u201d.<br>Pored \u010detiri izvora hladne mineralne vode temperature 13-14\u00b0C, postoji i hipotermalni izvor sa temperaturom vode od 25\u00b0C. Izvorske mineralne vode se razlikuju po temperaturi, koli\u010dini ugljene kiseline i koncentraciji mineralnih sastojaka. Mineralna voda je natrijum karbonatna i kalcijum hidrokarbonatna, gvo\u017edjevita i ugljeno-kisela.<\/p>\n\n\n\n<p>Bukovi\u010dka banja je balneoklimatko le\u010dili\u0161te, u kome direktan i indirektan uticaj vegetacije, vode i vazduha stvara jedinstven ambijent povoljan za odmor, boravak i relaksaciju i pru\u017ea izvaredne uslove za sve oblike rekreacije i pripreme sportista.<\/p>\n\n\n\n<p>Pre svega, banja je jedinstvena jer se nalazi u jednom od najstarijih i najlep\u0161ih sa\u010duvanih gradskih i banjskih parkova Srbije.<\/p>\n\n\n\n<p>Pogodna je za le\u010denje odraslih i dece, a jedino odeljenje za produ\u017eeno le\u010denje, edukaciju i rehabilitaciju dece obolele od oblika \u0161e\u0107erne bolesti u Srbiji se nalazi u ovoj ustanovi.\u00a0<\/p>\n","protected":false},"excerpt":{"rendered":"<p>Specijalna bolnica za rehabilitaciju \u201cBukovi\u010dka banja\u201d Aran\u0111elovac je zdravstvena ustanova koja se bavi rehabilitacijom i le\u010denjem, primenjuju\u0107i najsavremenije terapeutske metode, kombinovane sa dejstvom prirodnih lekovitih mineralnih voda, gline i klime. Zahvaljuju\u0107i svojoj dugoj i bogatoj istoriji i tome \u0161to je bila omiljena destinacija kneza Milo\u0161a i dinastije Obrenovi\u0107, Bukovi\u010dka banja je uklju\u010dena u program \u201cKraljevskih [&hellip;]<\/p>\n","protected":false},"author":1,"featured_media":408,"comment_status":"open","ping_status":"open","sticky":false,"template":"","format":"standard","meta":{"_acf_changed":false,"footnotes":""},"categories":[10],"tags":[],"class_list":["post-404","post","type-post","status-publish","format-standard","has-post-thumbnail","hentry","category-clanovi-udruzenja"],"acf":[],"_links":{"self":[{"href":"https:\/\/banje.dpv.rs\/index.php\/wp-json\/wp\/v2\/posts\/404","targetHints":{"allow":["GET"]}}],"collection":[{"href":"https:\/\/banje.dpv.rs\/index.php\/wp-json\/wp\/v2\/posts"}],"about":[{"href":"https:\/\/banje.dpv.rs\/index.php\/wp-json\/wp\/v2\/types\/post"}],"author":[{"embeddable":true,"href":"https:\/\/banje.dpv.rs\/index.php\/wp-json\/wp\/v2\/users\/1"}],"replies":[{"embeddable":true,"href":"https:\/\/banje.dpv.rs\/index.php\/wp-json\/wp\/v2\/comments?post=404"}],"version-history":[{"count":4,"href":"https:\/\/banje.dpv.rs\/index.php\/wp-json\/wp\/v2\/posts\/404\/revisions"}],"predecessor-version":[{"id":562,"href":"https:\/\/banje.dpv.rs\/index.php\/wp-json\/wp\/v2\/posts\/404\/revisions\/562"}],"wp:featuredmedia":[{"embeddable":true,"href":"https:\/\/banje.dpv.rs\/index.php\/wp-json\/wp\/v2\/media\/408"}],"wp:attachment":[{"href":"https:\/\/banje.dpv.rs\/index.php\/wp-json\/wp\/v2\/media?parent=404"}],"wp:term":[{"taxonomy":"category","embeddable":true,"href":"https:\/\/banje.dpv.rs\/index.php\/wp-json\/wp\/v2\/categories?post=404"},{"taxonomy":"post_tag","embeddable":true,"href":"https:\/\/banje.dpv.rs\/index.php\/wp-json\/wp\/v2\/tags?post=404"}],"curies":[{"name":"wp","href":"https:\/\/api.w.org\/{rel}","templated":true}]}}